{"id":1236,"date":"2016-07-18T22:41:33","date_gmt":"2016-07-18T20:41:33","guid":{"rendered":"http:\/\/remcoderidder.nl\/?p=1236"},"modified":"2018-12-14T13:00:17","modified_gmt":"2018-12-14T11:00:17","slug":"antwan-en-de-keizer","status":"publish","type":"post","link":"https:\/\/remcoderidder.nl\/index.php\/antwan-en-de-keizer\/","title":{"rendered":"Antwan en de keizer"},"content":{"rendered":"\n<p>\u2018Goverdomme, niet weer!\u2019 zeg ik als ik de eerste pushmeldingen binnenkrijg over een vrachtwagen die op een menigte in Nice is ingereden. \u2018Zeker 60 doden\u2019. Heel even denk ik aan Koninginnedag 2009 in Apeldoorn en vraag me af of dit ook \u2018gewoon\u2019 een gek is. Maar ik weet wel beter. Klik ik door of ga ik slapen? Ik ga slapen. Geen stimulansen meer. Lees overal dat die telefoon slecht is voor de nachtrust. Niet dat ik nog vaak wakker lig van dit soort berichten, daarvoor lees ik ze teveel.&nbsp;<\/p>\n\n\n\n<p>De volgende ochtend is het aantal pushmeldingen vertienvoudigd. Aangezien ik nu wakker ben en het voorlopig blijf, besluit ik het artikel te lezen. Nice, vuurwerkshow, vrachtwagen, Tunesische afkomst, inmiddels ruim 80 doden. Hollande is geschokt. Boris Johnson en Angela Merkel leven mee. Iedereen leeft wel mee eigenlijk, zoals altijd. Hollande veroordeelt de aanslagen. Ik vraag me af of dat nog wel nodig is. Iedereen snapt toch dat dit niet ok\u00e9 is? Het is zo\u2019n formaliteit die niets zegt of betekent, iets wat Barack Obama beseft en ook benoemt als er weer een onbegrepen ziel een automatisch wapen heeft leeggeschoten in een club, bioscoop, of school.<\/p>\n\n\n\n<p>Verderop zegt Hollande de aanvallen in Irak en Syri\u00eb te zullen intensiveren om de veiligheid van het Franse volk te kunnen waarborgen. Wat we nu (denken te) weten over de aanslagpleger is dat hij een Frans-Tunesische afkomst heeft, 31 jaar oud is en waarschijnlijk uit een gebied komt dat bekend staat als jihadistische broedplaats. Aan de hand van deze vermoedens, die vermoedelijk zullen uitdraaien op de bevestiging van het bestaan van een terroristische splintercel waarvan de aanslagpleger deel uitmaakte, besluit de president de Franse bijdrage aan een oorlog met langdurige, globale consequenties te vergroten.<\/p>\n\n\n\n<p>De woede die ik voel tijdens het lezen van deze uitspraak richt zich niet op de dader, die slechts het symptoom is van een groter geheel en ook niet op IS, een tienkoppig monster dat in zijn paranoia bezig is zichzelf te verslinden, maar op Hollande, leider van een volk met de slogan \u2018libert\u00e9, fraternit\u00e9, egalit\u00e9\u2019, makers van het vrijheidsbeeld en inmiddels net zo stompzinnig handelend als het land waaraan ze die koperen dummy cadeau deden.<\/p>\n\n\n\n<p>In mijn woede bedenk ik hoe het niet mensen als de terwijl ik dit schrijf ge\u00efdentificeerde vrachtwagenchauffeur Antwan Kumiya zijn die als katalysators van het kwaad optreden, maar machthebbers als president Fran\u00e7ois Hollande. Zij brengen met hun acties verwondingen aan bij een dier dat steeds wilder om zich heen grijpt en daarmee steeds meer onschuldige slachtoffers maakt.&nbsp;<\/p>\n\n\n\n<p>Eerder deze week las ik een bericht dat Hollande \u20ac10.000 per maand uitgeeft aan de kapper. Daarna zag ik een video waarin hij die uitgaven probeert te verdedigen door te zeggen dat hij de jaarlijkse kosten van het presidentieel paleis heeft teruggebracht van 109 miljoen euro naar 100. Zijn kapperskosten staan los van de aanslagen, maar zeggen wel iets over contrast. Contrast tussen een kansarme, \u2018Tunesische\u2019 armoedzaaier in een buitenwijk van Nice en een hautaine man die zich op keizerlijke wijze laat groomen en beslissingen neemt die een boomerangeffect hebben voor miljoenen anderen. Ik snap het gewoon niet. De gedachtegang \u2018man rijdt mensen met vrachtwagen dood op een boulevard in Nice\u2019 naar \u2018we sturen meer straaljagers en bommen naar het Midden-Oosten\u2019 kan ik niet begrijpen. Ik zie het causale verband niet en al zeker niet hoe het tot iets van een oplossing kan leiden. Maar misschien ben ik niet slim genoeg. Misschien is dit waarom Hollande president is en ik niet. Wellicht kan ik me beter in hem inleven als ik een keer naar zijn kapper ga.<\/p>\n\n\n\n<p><a rel=\"noreferrer noopener\" aria-label=\"Lees een (ingekorte versie van) het artikel op Blendle.&nbsp; (opent in een nieuwe tab)\" href=\"https:\/\/blendle.com\/i\/het-parool\/brieven\/bnl-par-20160718-6725688?sharer=eyJ2ZXJzaW9uIjoiMSIsInVpZCI6ImJhbmplcmxlZXN0bmlldCIsIml0ZW1faWQiOiJibmwtcGFyLTIwMTYwNzE4LTY3MjU2ODgifQ%3D%3D\" target=\"_blank\">Lees een (ingekorte versie van) het artikel op Blendle.<\/a>&nbsp;(Kost wel geld, terwijl het hier gratis is en je het nu vermoedelijk al hebt gelezen.)<\/p>\n","protected":false},"excerpt":{"rendered":"<p>\u2018Goverdomme, niet weer!\u2019 zeg ik als ik de eerste pushmeldingen binnenkrijg over een vrachtwagen die op een menigte in Nice is ingereden. \u2018Zeker 60 doden\u2019. Heel even denk ik aan Koninginnedag 2009 in Apeldoorn en vraag me af of dit ook \u2018gewoon\u2019 een gek is. Maar ik weet wel beter. Klik ik door of ga &hellip; <a href=\"https:\/\/remcoderidder.nl\/index.php\/antwan-en-de-keizer\/\" class=\"more-link\">Lees verder <span class=\"screen-reader-text\">&#8220;Antwan en de keizer&#8221;<\/span><\/a><\/p>\n","protected":false},"author":1,"featured_media":0,"comment_status":"open","ping_status":"open","sticky":false,"template":"","format":"standard","meta":{"_monsterinsights_skip_tracking":false,"_monsterinsights_sitenote_active":false,"_monsterinsights_sitenote_note":"","_monsterinsights_sitenote_category":0,"footnotes":""},"categories":[558],"tags":[647,648,646],"class_list":["post-1236","post","type-post","status-publish","format-standard","hentry","category-het-parool","tag-hollande","tag-nice","tag-terrorisme"],"yoast_head":"<!-- This site is optimized with the Yoast SEO plugin v27.5 - https:\/\/yoast.com\/product\/yoast-seo-wordpress\/ -->\n<title>Antwan en de keizer - RdR<\/title>\n<meta name=\"robots\" content=\"index, follow, max-snippet:-1, max-image-preview:large, max-video-preview:-1\" \/>\n<link rel=\"canonical\" href=\"https:\/\/remcoderidder.nl\/index.php\/antwan-en-de-keizer\/\" \/>\n<meta property=\"og:locale\" content=\"nl_NL\" \/>\n<meta property=\"og:type\" content=\"article\" \/>\n<meta property=\"og:title\" content=\"Antwan en de keizer - RdR\" \/>\n<meta property=\"og:description\" content=\"\u2018Goverdomme, niet weer!\u2019 zeg ik als ik de eerste pushmeldingen binnenkrijg over een vrachtwagen die op een menigte in Nice is ingereden. \u2018Zeker 60 doden\u2019. Heel even denk ik aan Koninginnedag 2009 in Apeldoorn en vraag me af of dit ook \u2018gewoon\u2019 een gek is. Maar ik weet wel beter. Klik ik door of ga &hellip; Lees verder &quot;Antwan en de keizer&quot;\" \/>\n<meta property=\"og:url\" content=\"https:\/\/remcoderidder.nl\/index.php\/antwan-en-de-keizer\/\" \/>\n<meta property=\"og:site_name\" content=\"RdR\" \/>\n<meta property=\"article:publisher\" content=\"https:\/\/www.facebook.com\/krullie83\" \/>\n<meta property=\"article:author\" content=\"https:\/\/www.facebook.com\/krullie83\" \/>\n<meta property=\"article:published_time\" content=\"2016-07-18T20:41:33+00:00\" \/>\n<meta property=\"article:modified_time\" content=\"2018-12-14T11:00:17+00:00\" \/>\n<meta property=\"og:image\" content=\"https:\/\/remcoderidder.nl\/wp-content\/uploads\/2024\/03\/4BA30F1A-F5D3-480A-9C66-68733A5CD048_1_201_a.jpeg\" \/>\n\t<meta property=\"og:image:width\" content=\"2355\" \/>\n\t<meta property=\"og:image:height\" content=\"1325\" \/>\n\t<meta property=\"og:image:type\" content=\"image\/jpeg\" \/>\n<meta name=\"author\" content=\"RdR\" \/>\n<meta name=\"twitter:card\" content=\"summary_large_image\" \/>\n<meta name=\"twitter:creator\" content=\"@RemcodeRidder\" \/>\n<meta name=\"twitter:site\" content=\"@RemcodeRidder\" \/>\n<meta name=\"twitter:label1\" content=\"Geschreven door\" \/>\n\t<meta name=\"twitter:data1\" content=\"RdR\" \/>\n\t<meta name=\"twitter:label2\" content=\"Geschatte leestijd\" \/>\n\t<meta name=\"twitter:data2\" content=\"3 minuten\" \/>\n<script type=\"application\/ld+json\" class=\"yoast-schema-graph\">{\"@context\":\"https:\\\/\\\/schema.org\",\"@graph\":[{\"@type\":\"Article\",\"@id\":\"https:\\\/\\\/remcoderidder.nl\\\/index.php\\\/antwan-en-de-keizer\\\/#article\",\"isPartOf\":{\"@id\":\"https:\\\/\\\/remcoderidder.nl\\\/index.php\\\/antwan-en-de-keizer\\\/\"},\"author\":{\"name\":\"RdR\",\"@id\":\"https:\\\/\\\/remcoderidder.nl\\\/#\\\/schema\\\/person\\\/be80eecc31f508d87845e01356097825\"},\"headline\":\"Antwan en de keizer\",\"datePublished\":\"2016-07-18T20:41:33+00:00\",\"dateModified\":\"2018-12-14T11:00:17+00:00\",\"mainEntityOfPage\":{\"@id\":\"https:\\\/\\\/remcoderidder.nl\\\/index.php\\\/antwan-en-de-keizer\\\/\"},\"wordCount\":626,\"commentCount\":0,\"publisher\":{\"@id\":\"https:\\\/\\\/remcoderidder.nl\\\/#\\\/schema\\\/person\\\/be80eecc31f508d87845e01356097825\"},\"keywords\":[\"Hollande\",\"Nice\",\"terrorisme\"],\"articleSection\":[\"Het Parool\"],\"inLanguage\":\"nl-NL\",\"potentialAction\":[{\"@type\":\"CommentAction\",\"name\":\"Comment\",\"target\":[\"https:\\\/\\\/remcoderidder.nl\\\/index.php\\\/antwan-en-de-keizer\\\/#respond\"]}]},{\"@type\":\"WebPage\",\"@id\":\"https:\\\/\\\/remcoderidder.nl\\\/index.php\\\/antwan-en-de-keizer\\\/\",\"url\":\"https:\\\/\\\/remcoderidder.nl\\\/index.php\\\/antwan-en-de-keizer\\\/\",\"name\":\"Antwan en de keizer - RdR\",\"isPartOf\":{\"@id\":\"https:\\\/\\\/remcoderidder.nl\\\/#website\"},\"datePublished\":\"2016-07-18T20:41:33+00:00\",\"dateModified\":\"2018-12-14T11:00:17+00:00\",\"breadcrumb\":{\"@id\":\"https:\\\/\\\/remcoderidder.nl\\\/index.php\\\/antwan-en-de-keizer\\\/#breadcrumb\"},\"inLanguage\":\"nl-NL\",\"potentialAction\":[{\"@type\":\"ReadAction\",\"target\":[\"https:\\\/\\\/remcoderidder.nl\\\/index.php\\\/antwan-en-de-keizer\\\/\"]}]},{\"@type\":\"BreadcrumbList\",\"@id\":\"https:\\\/\\\/remcoderidder.nl\\\/index.php\\\/antwan-en-de-keizer\\\/#breadcrumb\",\"itemListElement\":[{\"@type\":\"ListItem\",\"position\":1,\"name\":\"Home\",\"item\":\"https:\\\/\\\/remcoderidder.nl\\\/\"},{\"@type\":\"ListItem\",\"position\":2,\"name\":\"Antwan en de keizer\"}]},{\"@type\":\"WebSite\",\"@id\":\"https:\\\/\\\/remcoderidder.nl\\\/#website\",\"url\":\"https:\\\/\\\/remcoderidder.nl\\\/\",\"name\":\"RdR\",\"description\":\"\",\"publisher\":{\"@id\":\"https:\\\/\\\/remcoderidder.nl\\\/#\\\/schema\\\/person\\\/be80eecc31f508d87845e01356097825\"},\"potentialAction\":[{\"@type\":\"SearchAction\",\"target\":{\"@type\":\"EntryPoint\",\"urlTemplate\":\"https:\\\/\\\/remcoderidder.nl\\\/?s={search_term_string}\"},\"query-input\":{\"@type\":\"PropertyValueSpecification\",\"valueRequired\":true,\"valueName\":\"search_term_string\"}}],\"inLanguage\":\"nl-NL\"},{\"@type\":[\"Person\",\"Organization\"],\"@id\":\"https:\\\/\\\/remcoderidder.nl\\\/#\\\/schema\\\/person\\\/be80eecc31f508d87845e01356097825\",\"name\":\"RdR\",\"image\":{\"@type\":\"ImageObject\",\"inLanguage\":\"nl-NL\",\"@id\":\"https:\\\/\\\/remcoderidder.nl\\\/wp-content\\\/uploads\\\/2023\\\/07\\\/Remco-branding-2707-scaled-e1710238338304.jpg\",\"url\":\"https:\\\/\\\/remcoderidder.nl\\\/wp-content\\\/uploads\\\/2023\\\/07\\\/Remco-branding-2707-scaled-e1710238338304.jpg\",\"contentUrl\":\"https:\\\/\\\/remcoderidder.nl\\\/wp-content\\\/uploads\\\/2023\\\/07\\\/Remco-branding-2707-scaled-e1710238338304.jpg\",\"width\":1651,\"height\":1651,\"caption\":\"RdR\"},\"logo\":{\"@id\":\"https:\\\/\\\/remcoderidder.nl\\\/wp-content\\\/uploads\\\/2023\\\/07\\\/Remco-branding-2707-scaled-e1710238338304.jpg\"},\"description\":\"Remco de Ridder (Den Haag, 1983) is een Nederlandse freelance journalist, copywriter, podcastmaker en schrijver. De Ridder studeerde Film Studies aan de Universiteit van Amsterdam en screenwriting aan de New York Film Academy. De Ridder werkt sindsdien als freelance copywriter en journalist. Hij schreef een aantal opiniestukken over de ramp met MH17, die werden gepubliceerd in de Volkskrant en Het Parool. In die kranten schrijft hij regelmatig ook over andere onderwerpen.\",\"sameAs\":[\"https:\\\/\\\/www.remcoderidder.nl\",\"https:\\\/\\\/www.facebook.com\\\/krullie83\",\"https:\\\/\\\/www.instagram.com\\\/deridderremco\\\/\",\"https:\\\/\\\/www.linkedin.com\\\/in\\\/remco-de-ridder-6502099\\\/\",\"https:\\\/\\\/x.com\\\/RemcodeRidder\",\"https:\\\/\\\/nl.wikipedia.org\\\/wiki\\\/Remco_de_Ridder\"]}]}<\/script>\n<!-- \/ Yoast SEO plugin. -->","yoast_head_json":{"title":"Antwan en de keizer - RdR","robots":{"index":"index","follow":"follow","max-snippet":"max-snippet:-1","max-image-preview":"max-image-preview:large","max-video-preview":"max-video-preview:-1"},"canonical":"https:\/\/remcoderidder.nl\/index.php\/antwan-en-de-keizer\/","og_locale":"nl_NL","og_type":"article","og_title":"Antwan en de keizer - RdR","og_description":"\u2018Goverdomme, niet weer!\u2019 zeg ik als ik de eerste pushmeldingen binnenkrijg over een vrachtwagen die op een menigte in Nice is ingereden. \u2018Zeker 60 doden\u2019. Heel even denk ik aan Koninginnedag 2009 in Apeldoorn en vraag me af of dit ook \u2018gewoon\u2019 een gek is. Maar ik weet wel beter. Klik ik door of ga &hellip; Lees verder \"Antwan en de keizer\"","og_url":"https:\/\/remcoderidder.nl\/index.php\/antwan-en-de-keizer\/","og_site_name":"RdR","article_publisher":"https:\/\/www.facebook.com\/krullie83","article_author":"https:\/\/www.facebook.com\/krullie83","article_published_time":"2016-07-18T20:41:33+00:00","article_modified_time":"2018-12-14T11:00:17+00:00","og_image":[{"width":2355,"height":1325,"url":"https:\/\/remcoderidder.nl\/wp-content\/uploads\/2024\/03\/4BA30F1A-F5D3-480A-9C66-68733A5CD048_1_201_a.jpeg","type":"image\/jpeg"}],"author":"RdR","twitter_card":"summary_large_image","twitter_creator":"@RemcodeRidder","twitter_site":"@RemcodeRidder","twitter_misc":{"Geschreven door":"RdR","Geschatte leestijd":"3 minuten"},"schema":{"@context":"https:\/\/schema.org","@graph":[{"@type":"Article","@id":"https:\/\/remcoderidder.nl\/index.php\/antwan-en-de-keizer\/#article","isPartOf":{"@id":"https:\/\/remcoderidder.nl\/index.php\/antwan-en-de-keizer\/"},"author":{"name":"RdR","@id":"https:\/\/remcoderidder.nl\/#\/schema\/person\/be80eecc31f508d87845e01356097825"},"headline":"Antwan en de keizer","datePublished":"2016-07-18T20:41:33+00:00","dateModified":"2018-12-14T11:00:17+00:00","mainEntityOfPage":{"@id":"https:\/\/remcoderidder.nl\/index.php\/antwan-en-de-keizer\/"},"wordCount":626,"commentCount":0,"publisher":{"@id":"https:\/\/remcoderidder.nl\/#\/schema\/person\/be80eecc31f508d87845e01356097825"},"keywords":["Hollande","Nice","terrorisme"],"articleSection":["Het Parool"],"inLanguage":"nl-NL","potentialAction":[{"@type":"CommentAction","name":"Comment","target":["https:\/\/remcoderidder.nl\/index.php\/antwan-en-de-keizer\/#respond"]}]},{"@type":"WebPage","@id":"https:\/\/remcoderidder.nl\/index.php\/antwan-en-de-keizer\/","url":"https:\/\/remcoderidder.nl\/index.php\/antwan-en-de-keizer\/","name":"Antwan en de keizer - RdR","isPartOf":{"@id":"https:\/\/remcoderidder.nl\/#website"},"datePublished":"2016-07-18T20:41:33+00:00","dateModified":"2018-12-14T11:00:17+00:00","breadcrumb":{"@id":"https:\/\/remcoderidder.nl\/index.php\/antwan-en-de-keizer\/#breadcrumb"},"inLanguage":"nl-NL","potentialAction":[{"@type":"ReadAction","target":["https:\/\/remcoderidder.nl\/index.php\/antwan-en-de-keizer\/"]}]},{"@type":"BreadcrumbList","@id":"https:\/\/remcoderidder.nl\/index.php\/antwan-en-de-keizer\/#breadcrumb","itemListElement":[{"@type":"ListItem","position":1,"name":"Home","item":"https:\/\/remcoderidder.nl\/"},{"@type":"ListItem","position":2,"name":"Antwan en de keizer"}]},{"@type":"WebSite","@id":"https:\/\/remcoderidder.nl\/#website","url":"https:\/\/remcoderidder.nl\/","name":"RdR","description":"","publisher":{"@id":"https:\/\/remcoderidder.nl\/#\/schema\/person\/be80eecc31f508d87845e01356097825"},"potentialAction":[{"@type":"SearchAction","target":{"@type":"EntryPoint","urlTemplate":"https:\/\/remcoderidder.nl\/?s={search_term_string}"},"query-input":{"@type":"PropertyValueSpecification","valueRequired":true,"valueName":"search_term_string"}}],"inLanguage":"nl-NL"},{"@type":["Person","Organization"],"@id":"https:\/\/remcoderidder.nl\/#\/schema\/person\/be80eecc31f508d87845e01356097825","name":"RdR","image":{"@type":"ImageObject","inLanguage":"nl-NL","@id":"https:\/\/remcoderidder.nl\/wp-content\/uploads\/2023\/07\/Remco-branding-2707-scaled-e1710238338304.jpg","url":"https:\/\/remcoderidder.nl\/wp-content\/uploads\/2023\/07\/Remco-branding-2707-scaled-e1710238338304.jpg","contentUrl":"https:\/\/remcoderidder.nl\/wp-content\/uploads\/2023\/07\/Remco-branding-2707-scaled-e1710238338304.jpg","width":1651,"height":1651,"caption":"RdR"},"logo":{"@id":"https:\/\/remcoderidder.nl\/wp-content\/uploads\/2023\/07\/Remco-branding-2707-scaled-e1710238338304.jpg"},"description":"Remco de Ridder (Den Haag, 1983) is een Nederlandse freelance journalist, copywriter, podcastmaker en schrijver. De Ridder studeerde Film Studies aan de Universiteit van Amsterdam en screenwriting aan de New York Film Academy. De Ridder werkt sindsdien als freelance copywriter en journalist. Hij schreef een aantal opiniestukken over de ramp met MH17, die werden gepubliceerd in de Volkskrant en Het Parool. In die kranten schrijft hij regelmatig ook over andere onderwerpen.","sameAs":["https:\/\/www.remcoderidder.nl","https:\/\/www.facebook.com\/krullie83","https:\/\/www.instagram.com\/deridderremco\/","https:\/\/www.linkedin.com\/in\/remco-de-ridder-6502099\/","https:\/\/x.com\/RemcodeRidder","https:\/\/nl.wikipedia.org\/wiki\/Remco_de_Ridder"]}]}},"_links":{"self":[{"href":"https:\/\/remcoderidder.nl\/index.php\/wp-json\/wp\/v2\/posts\/1236","targetHints":{"allow":["GET"]}}],"collection":[{"href":"https:\/\/remcoderidder.nl\/index.php\/wp-json\/wp\/v2\/posts"}],"about":[{"href":"https:\/\/remcoderidder.nl\/index.php\/wp-json\/wp\/v2\/types\/post"}],"author":[{"embeddable":true,"href":"https:\/\/remcoderidder.nl\/index.php\/wp-json\/wp\/v2\/users\/1"}],"replies":[{"embeddable":true,"href":"https:\/\/remcoderidder.nl\/index.php\/wp-json\/wp\/v2\/comments?post=1236"}],"version-history":[{"count":2,"href":"https:\/\/remcoderidder.nl\/index.php\/wp-json\/wp\/v2\/posts\/1236\/revisions"}],"predecessor-version":[{"id":1355,"href":"https:\/\/remcoderidder.nl\/index.php\/wp-json\/wp\/v2\/posts\/1236\/revisions\/1355"}],"wp:attachment":[{"href":"https:\/\/remcoderidder.nl\/index.php\/wp-json\/wp\/v2\/media?parent=1236"}],"wp:term":[{"taxonomy":"category","embeddable":true,"href":"https:\/\/remcoderidder.nl\/index.php\/wp-json\/wp\/v2\/categories?post=1236"},{"taxonomy":"post_tag","embeddable":true,"href":"https:\/\/remcoderidder.nl\/index.php\/wp-json\/wp\/v2\/tags?post=1236"}],"curies":[{"name":"wp","href":"https:\/\/api.w.org\/{rel}","templated":true}]}}